{"id":6647,"date":"2026-04-07T11:38:24","date_gmt":"2026-04-07T09:38:24","guid":{"rendered":"https:\/\/learning-teaching.audencia.com\/?p=6647"},"modified":"2026-04-13T17:32:06","modified_gmt":"2026-04-13T15:32:06","slug":"les-journees-immersives-gaia-16-17-mars-2026","status":"publish","type":"post","link":"https:\/\/learning-teaching.audencia.com\/en\/animer-et-evaluer-les-etudiants\/les-journees-immersives-gaia-16-17-mars-2026\/","title":{"rendered":"Les journ\u00e9es immersives GAIA &#8211; 16 &#038;17 mars 2026"},"content":{"rendered":"<span class=\"span-reading-time rt-reading-time\" style=\"display: block;\"><span class=\"rt-label rt-prefix\">Temps de lecture : <\/span> <span class=\"rt-time\"> 4<\/span> <span class=\"rt-label rt-postfix\">min<\/span><\/span><div id='av_section_1'  class='avia-section main_color avia-section-default avia-no-border-styling  avia-bg-style-scroll  avia-builder-el-0  el_before_av_section  avia-builder-el-first  section-top-head header-article  container_wrap fullsize' style='background-color: #c5e4e4;  '  ><div class='container' ><main  role=\"main\" itemprop=\"mainContentOfPage\"  class='template-page content  av-content-full alpha units'><div class='post-entry post-entry-type-page post-entry-6647'><div class='entry-content-wrapper clearfix'>\n<div class=\"flex_column av_one_full  flex_column_div av-zero-column-padding first  avia-builder-el-1  el_before_av_textblock  avia-builder-el-first  top-header \" style='border-radius:0px; '><section class=\"av_textblock_section \"  itemscope=\"itemscope\" itemtype=\"https:\/\/schema.org\/BlogPosting\" itemprop=\"blogPost\" ><div class='avia_textblock retour-button '   itemprop=\"text\" ><div class=\"img-return\"><a href=\"https:\/\/learning-teaching.audencia.com\/\"><img decoding=\"async\" src=\"\/themes\/enfold\/images\/return-header-logo.svg\" \/><\/a><\/div>\n<div class=\"txt-return\"><a href=\"https:\/\/learning-teaching.audencia.com\/\">Retour au menu<br \/>\nprincipal<\/a><\/div>\n<\/div><\/section><br \/>\n<\/p><\/div><section class=\"av_textblock_section \"  itemscope=\"itemscope\" itemtype=\"https:\/\/schema.org\/BlogPosting\" itemprop=\"blogPost\" ><div class='avia_textblock sup-title '   itemprop=\"text\" >\t\t\t<!-- Flexy Breadcrumb -->\r\n\t\t\t<div class=\"fbc fbc-page\">\r\n\r\n\t\t\t\t<!-- Breadcrumb wrapper -->\r\n\t\t\t\t<div class=\"fbc-wrap\">\r\n\r\n\t\t\t\t\t<!-- Ordered list-->\r\n\t\t\t\t\t<ol class=\"fbc-items\" itemscope itemtype=\"https:\/\/schema.org\/BreadcrumbList\">\r\n\t\t\t\t\t\t            <li itemprop=\"itemListElement\" itemscope itemtype=\"https:\/\/schema.org\/ListItem\">\r\n                <span itemprop=\"name\">\r\n                    <!-- Home Link -->\r\n                    <a itemprop=\"item\" href=\"https:\/\/learning-teaching.audencia.com\/en\">\r\n                    \r\n                                                    <i class=\"fa fa-home\" aria-hidden=\"true\"><\/i>Accueil                    <\/a>\r\n                <\/span>\r\n                <meta itemprop=\"position\" content=\"1\" \/><!-- Meta Position-->\r\n             <\/li><li><span class=\"fbc-separator\">><\/span><\/li><li class=\"active\" itemprop=\"itemListElement\" itemscope itemtype=\"https:\/\/schema.org\/ListItem\"><span itemprop=\"name\" title=\"Les journ\u00e9es immersives GAIA &#8211; 16 &#038;17 mars 2026\">Les journ\u00e9es immersives GAIA &#8211; 16 &#038;17 mars 2026<\/span><meta itemprop=\"position\" content=\"2\" \/><\/li>\t\t\t\t\t<\/ol>\r\n\t\t\t\t\t<div class=\"clearfix\"><\/div>\r\n\t\t\t\t<\/div>\r\n\t\t\t<\/div>\r\n\t\t\t\n<\/div><\/section>\n<section class=\"av_textblock_section \"  itemscope=\"itemscope\" itemtype=\"https:\/\/schema.org\/BlogPosting\" itemprop=\"blogPost\" ><div class='avia_textblock title-h '   itemprop=\"text\" ><h1 class=\"page-header\">Les journ\u00e9es immersives GAIA<\/h1>\n<\/div><\/section>\n\n<\/div><\/div><\/main><!-- close content main element --><\/div><\/div><div id='av_section_2'  class='avia-section main_color avia-section-default avia-no-border-styling  avia-bg-style-scroll  avia-builder-el-6  el_after_av_section  el_before_av_postcontent  section-contenu-article  container_wrap fullsize' style='background-color: #c5e4e4;  '  ><div class='container' ><div class='template-page content  av-content-full alpha units'><div class='post-entry post-entry-type-page post-entry-6647'><div class='entry-content-wrapper clearfix'>\n<div class=\"flex_column av_one_full  flex_column_div av-zero-column-padding first  avia-builder-el-7  avia-builder-el-no-sibling  conteneur-article-texte \" style='border-radius:0px; '><section class=\"av_textblock_section \"  itemscope=\"itemscope\" itemtype=\"https:\/\/schema.org\/BlogPosting\" itemprop=\"blogPost\" ><div class='avia_textblock  '   itemprop=\"text\" ><h2>Contexte<\/h2>\n<p>En novembre 2024 <a href=\"https:\/\/www.audencia.com\/faculte-recherche\/corps-professoral\/cv-debucquet\">Gervaise DEBUCQUET<\/a> avait expliqu\u00e9 dans le <a href=\"https:\/\/learning-teaching.audencia.com\/developper-ses-pratiques-pedagogiques\/lt-rex-29-une-gestion-de-crise-interdisciplinaire\/\">L&amp;T REX#29<\/a>\u00a0 comment elle avait d\u00e9velopp\u00e9 une version \u00ab augment\u00e9e \u00bb du jeu de crise CERBAZINE. Pour rappel ce jeu de simulation co-cr\u00e9\u00e9 avec Erika Logeais, impliquant 4 entreprises fictives sur fond de pollution territoriale d\u2019un ancien bassin industriel, faisait autrefois partie d\u2019un \u00e9lectif d\u2019entr\u00e9e en master Grande Ecole depuis sa cr\u00e9ation en 2018, et il impliquait une centaine d\u2019\u00e9tudiants au total chaque ann\u00e9e. Gervaise, avec les apports des <a href=\"https:\/\/academic.oup.com\/rof\/article\/28\/4\/1151\/7645412\">travaux<\/a> d\u2019<a href=\"https:\/\/www.audencia.com\/en\/faculte-recherche\/corps-professoral\/cv-garel\">Alexandre GAREL<\/a>, a ajout\u00e9 dans le jeu, des notions financi\u00e8res : utilisation de l\u2019outil de Corporate Biodiversity Footprint, et son impact sur les investissements des entreprises concern\u00e9es, selon le \u00ab climat \u00bb de celles-ci.<br \/>\nEn parall\u00e8le, en novembre 2024 a eu lieu le premier<a href=\"https:\/\/learning-teaching.audencia.com\/public\/hackathon-de-la-transition-gaia\/\"> hackathon GAIA de la transition \u00e9cologique et sociale<\/a> avec la participation de 4 entreprises des r\u00e9gions Pays de Loire et Bretagne. Ce hackathon a permis de d\u00e9velopper la notion de coop\u00e9ration territoriale autour des probl\u00e9matiques des entreprises.<br \/>\nLa philosophie de ces deux \u00e9v\u00e8nements, mettant d\u2019un c\u00f4t\u00e9 en avant la gestion d\u2019une crise de pollution d\u2019une r\u00e9gion, et de l\u2019autre le d\u00e9veloppement de la coop\u00e9ration territoriale se sont rejoints dans les Journ\u00e9es Immersives GAIA des 16 et 17 mars derniers.<\/p>\n<p><a href=\"https:\/\/learning-teaching.audencia.com\/wp-content\/uploads\/2026\/04\/Capture-decran-2026-04-07-103303.png\"><img loading=\"lazy\" decoding=\"async\" class=\"alignnone size-medium wp-image-6652\" src=\"https:\/\/learning-teaching.audencia.com\/wp-content\/uploads\/2026\/04\/Capture-decran-2026-04-07-103303-300x159.png\" alt=\"\" width=\"300\" height=\"159\" srcset=\"https:\/\/learning-teaching.audencia.com\/wp-content\/uploads\/2026\/04\/Capture-decran-2026-04-07-103303-300x159.png 300w, https:\/\/learning-teaching.audencia.com\/wp-content\/uploads\/2026\/04\/Capture-decran-2026-04-07-103303-1030x546.png 1030w, https:\/\/learning-teaching.audencia.com\/wp-content\/uploads\/2026\/04\/Capture-decran-2026-04-07-103303-768x407.png 768w, https:\/\/learning-teaching.audencia.com\/wp-content\/uploads\/2026\/04\/Capture-decran-2026-04-07-103303-18x10.png 18w, https:\/\/learning-teaching.audencia.com\/wp-content\/uploads\/2026\/04\/Capture-decran-2026-04-07-103303-710x375.png 710w, https:\/\/learning-teaching.audencia.com\/wp-content\/uploads\/2026\/04\/Capture-decran-2026-04-07-103303-705x374.png 705w, https:\/\/learning-teaching.audencia.com\/wp-content\/uploads\/2026\/04\/Capture-decran-2026-04-07-103303.png 1387w\" sizes=\"auto, (max-width: 300px) 100vw, 300px\" \/><\/a><a href=\"https:\/\/learning-teaching.audencia.com\/wp-content\/uploads\/2026\/04\/03-Savencia-17-03-2026-Charlotte-DEFARGES.jpg\"><img loading=\"lazy\" decoding=\"async\" class=\"alignnone wp-image-6654\" src=\"https:\/\/learning-teaching.audencia.com\/wp-content\/uploads\/2026\/04\/03-Savencia-17-03-2026-Charlotte-DEFARGES-300x200.jpg\" alt=\"\" width=\"237\" height=\"158\" srcset=\"https:\/\/learning-teaching.audencia.com\/wp-content\/uploads\/2026\/04\/03-Savencia-17-03-2026-Charlotte-DEFARGES-300x200.jpg 300w, https:\/\/learning-teaching.audencia.com\/wp-content\/uploads\/2026\/04\/03-Savencia-17-03-2026-Charlotte-DEFARGES-1030x687.jpg 1030w, https:\/\/learning-teaching.audencia.com\/wp-content\/uploads\/2026\/04\/03-Savencia-17-03-2026-Charlotte-DEFARGES-768x512.jpg 768w, https:\/\/learning-teaching.audencia.com\/wp-content\/uploads\/2026\/04\/03-Savencia-17-03-2026-Charlotte-DEFARGES-1536x1024.jpg 1536w, https:\/\/learning-teaching.audencia.com\/wp-content\/uploads\/2026\/04\/03-Savencia-17-03-2026-Charlotte-DEFARGES-2048x1365.jpg 2048w, https:\/\/learning-teaching.audencia.com\/wp-content\/uploads\/2026\/04\/03-Savencia-17-03-2026-Charlotte-DEFARGES-18x12.jpg 18w, https:\/\/learning-teaching.audencia.com\/wp-content\/uploads\/2026\/04\/03-Savencia-17-03-2026-Charlotte-DEFARGES-1500x1000.jpg 1500w, https:\/\/learning-teaching.audencia.com\/wp-content\/uploads\/2026\/04\/03-Savencia-17-03-2026-Charlotte-DEFARGES-705x470.jpg 705w\" sizes=\"auto, (max-width: 237px) 100vw, 237px\" \/><\/a><a href=\"https:\/\/learning-teaching.audencia.com\/wp-content\/uploads\/2026\/04\/18-Savencia-17-03-2026-Charlotte-DEFARGES.jpg\"><img loading=\"lazy\" decoding=\"async\" class=\"alignnone wp-image-6653\" src=\"https:\/\/learning-teaching.audencia.com\/wp-content\/uploads\/2026\/04\/18-Savencia-17-03-2026-Charlotte-DEFARGES-300x200.jpg\" alt=\"\" width=\"236\" height=\"157\" srcset=\"https:\/\/learning-teaching.audencia.com\/wp-content\/uploads\/2026\/04\/18-Savencia-17-03-2026-Charlotte-DEFARGES-300x200.jpg 300w, https:\/\/learning-teaching.audencia.com\/wp-content\/uploads\/2026\/04\/18-Savencia-17-03-2026-Charlotte-DEFARGES-1030x687.jpg 1030w, https:\/\/learning-teaching.audencia.com\/wp-content\/uploads\/2026\/04\/18-Savencia-17-03-2026-Charlotte-DEFARGES-768x512.jpg 768w, https:\/\/learning-teaching.audencia.com\/wp-content\/uploads\/2026\/04\/18-Savencia-17-03-2026-Charlotte-DEFARGES-1536x1024.jpg 1536w, https:\/\/learning-teaching.audencia.com\/wp-content\/uploads\/2026\/04\/18-Savencia-17-03-2026-Charlotte-DEFARGES-2048x1365.jpg 2048w, https:\/\/learning-teaching.audencia.com\/wp-content\/uploads\/2026\/04\/18-Savencia-17-03-2026-Charlotte-DEFARGES-18x12.jpg 18w, https:\/\/learning-teaching.audencia.com\/wp-content\/uploads\/2026\/04\/18-Savencia-17-03-2026-Charlotte-DEFARGES-1500x1000.jpg 1500w, https:\/\/learning-teaching.audencia.com\/wp-content\/uploads\/2026\/04\/18-Savencia-17-03-2026-Charlotte-DEFARGES-705x470.jpg 705w\" sizes=\"auto, (max-width: 236px) 100vw, 236px\" \/><\/a><\/p>\n<h2><strong>Une journ\u00e9e pour comprendre<\/strong><\/h2>\n<p>Peut-on se pr\u00e9parer \u00e0 l\u2019impr\u00e9visible\u00a0? Peut-on d\u00e9velopper des comp\u00e9tences de r\u00e9action, d\u2019anticipation, de management du risque, d\u2019intelligence collective sans se faire submerger par ses \u00e9motions\u00a0? On le sait\u00a0, l\u2019\u00eatre humain d\u00e9teste naturellement \u00eatre en dehors de sa zone de confort.<\/p>\n<p>Ce sont \u00e0 ces questions que les \u00e9tudiants du <a href=\"https:\/\/www.audencia.com\/les-formations\/mastere-specialise\/acteur-pour-la-transition-ecologique-apte\/presentation\">MS APTE<\/a> et quelques curieux du <a href=\"https:\/\/www.audencia.com\/en\/our-programs\/2-year-msc-in-management-for-sustainable-business\/overview\">MSC Sustainable<\/a> Business se sont retrouv\u00e9s confront\u00e9s lors des 16 et 17 mars dernier.<\/p>\n<p>La premi\u00e8re journ\u00e9e leur a permis d\u2019appr\u00e9hender, en groupe et au travers de l\u2019\u00e9tude d\u2019une crise de leur choix, ce qui se passe lors d\u2019\u00e9v\u00e9nements de \u00ab\u00a0bascule\u00a0\u00bb. Ces \u00e9l\u00e9ments allaient \u00a0de la compr\u00e9hension des biais d\u00e9cisionnels dans l\u2019incertitude, \u00e0 la r\u00e9silience des organisations, et des diff\u00e9rents types de communication dans le management du risque.<\/p>\n<p>Un groupe a \u00e9galement travaill\u00e9 sur la compr\u00e9hension du Corporate Biodiversity Footprint et de la VAN, \u00e9l\u00e9ments critiques pr\u00e9paratoires au jeu de crise de la deuxi\u00e8me journ\u00e9e. Le format de cette premi\u00e8re journ\u00e9e \u00e9tait sc\u00e9naris\u00e9 en classe invers\u00e9e, chaque groupe devant restituer devant ses pairs les \u00e9l\u00e9ments de compr\u00e9hension de toutes ces th\u00e9matiques. Ils avaient carte blanche sur le format de restitution, de sayn\u00e8tes \u00e0 des constructions LEGO\u00a0! Ils avaient aussi pour ordre de cr\u00e9er un quiz de connaissances adress\u00e9 \u00e0 l\u2019audience \u00e9tudiante.<\/p>\n<h2><strong>Une journ\u00e9e pour exp\u00e9rimenter<\/strong><\/h2>\n<p>Lors de la seconde journ\u00e9e les \u00e9tudiants ont pu prendre la mesure de ces \u00e9l\u00e9ments en vivant le jeu de crise (pour rappel, voir le replay du REX), une histoire de pollution territoriale dans laquelle toutes les parties prenantes se retrouvent \u00ab\u00a0embarqu\u00e9es\u00a0\u00bb \u00a0dans le m\u00eame bateau.<\/p>\n<p>Ils ont pu constater que m\u00eame avec un bagage th\u00e9orique, et m\u00eame en sachant qu\u2019il s\u2019agissait d\u2019un jeu, des m\u00e9canismes \u00e9motionnels li\u00e9s \u00e0 l\u2019incertitude pouvaient se cr\u00e9er. Le debriefing avec <a href=\"https:\/\/uk.linkedin.com\/in\/jonathan-mille?trk=public_post-text\">Jonathan Mille<\/a>, associ\u00e9 scientifique au GIECO, et <a href=\"https:\/\/fr.linkedin.com\/in\/evelyne-f%C3%A9nart-47221239\">Evelyne Fenart<\/a>, responsable veille et anticipation des crises chez <a href=\"https:\/\/www.savencia.com\/\">Savencia<\/a>, a pu donner aux \u00e9tudiants un \u00e9clairage r\u00e9flexif pr\u00e9cieux \u00e0 la fin de la journ\u00e9e<\/p>\n<p>Nous ne sommes jamais pr\u00eats \u00e0 affronter l\u2019impr\u00e9visible, et chaque crise a ses propres caract\u00e9ristiques. Mais savoir rep\u00e9rer des signaux faibles, comprendre ces notions de basculement, pr\u00e9voir les risques pour mieux g\u00e9rer l\u2019urgence et la d\u00e9sorganisation en aval, faire fonctionner l\u2019intelligence collective en repositionnant le r\u00f4le que l\u2019on joue en temps habituel, sont des comp\u00e9tences indispensables au d\u00e9veloppement professionnel des \u00e9tudiants.<\/p>\n<p>A notre sens, les \u00e9coles de management doivent s\u2019y pr\u00e9parer. Le contexte g\u00e9opolitique de d\u00e9but 2026, avec l\u2019obstruction du d\u00e9troit d\u2019Ormouz entra\u00eenant des cons\u00e9quences \u00e9conomiques en cascade avec r\u00e9percussion sur tous les secteurs, nous le montre tr\u00e8s concr\u00e8tement. Avons-nous bien retenu les le\u00e7ons de la crise COVID et de notre adaptation? L\u2019actualit\u00e9 nous repose clairement la question, \u00e0 titre individuel et collectif.<\/p>\n<p>Au-del\u00e0 de cet \u00e9v\u00e8nement ponctuel, il pourrait \u00a0peut-\u00eatre s\u2019av\u00e9rer int\u00e9ressant de monter un \u00e9v\u00e8nement plus large autour de la notion de crise, afin de d\u00e9velopper ces comp\u00e9tences et soft skills en parcours de formation initiale autant qu\u2019en parcours de formation continue.<\/p>\n<\/div><\/section><\/div>[av_section min_height='' min_height_pc='25' min_height_px='500px' padding='no-padding' custom_margin='0px' custom_margin_sync='true' color='footer_color' background='bg_color' custom_bg='' background_gradient_color1='' background_gradient_color2='' background_gradient_direction='vertical' src='' attachment='' attachment_size='' attach='scroll' position='top left' repeat='no-repeat' video='' video_ratio='16:9' overlay_opacity='0.5' overlay_color='' overlay_pattern='' overlay_custom_pattern='' shadow='no-border-styling' bottom_border='no-border-styling' bottom_border_diagonal_color='#333333' bottom_border_diagonal_direction='' bottom_border_style='' custom_arrow_bg='' id='' custom_class='' template_class='' aria_label='' av_element_hidden_in_editor='0' av_uid='av-m4jwhmw5' sc_version='1.0']\r\n\r\n[av_hr class='default' icon_select='yes' icon='ue808' font='entypo-fontello' position='center' shadow='shadow' height='50' custom_border='av-border-fat' custom_width='50px' custom_margin_top='30px' custom_margin_bottom='30px' custom_border_color='' custom_icon_color='' id='' custom_class='' template_class='' av_uid='av-m4jyhhxe' sc_version='1.0' admin_preview_bg='rgb(241, 241, 241)']\r\n\r\n[av_one_fourth first min_height='' vertical_alignment='av-align-top' space='' row_boxshadow_color='' row_boxshadow_width='10' margin='0px' margin_sync='true' mobile_breaking='' border='' border_color='' radius='0px' radius_sync='true' padding='0px' padding_sync='true' column_boxshadow_color='' column_boxshadow_width='10' background='bg_color' background_color='' background_gradient_color1='' background_gradient_color2='' background_gradient_direction='vertical' src='' attachment='' attachment_size='' background_position='top left' background_repeat='no-repeat' highlight_size='1.1' animation='left-to-right' link='' linktarget='' link_hover='' title_attr='' alt_attr='' mobile_display='' id='' custom_class='' template_class='' aria_label='' av_uid='av-yk5lr' sc_version='1.0']\r\n\r\n[av_textblock size='' av-medium-font-size='' av-small-font-size='' av-mini-font-size='' font_color='' color='' id='' custom_class='' template_class='' av_uid='av-m4jw3i5s' sc_version='1.0' admin_preview_bg='']\r\n<div class=\"container-home-action-bottom\" style=\"text-align: center;\">\r\n<div class=\"part-title-button\">\u00c0 propos du portail<\/div>\r\n<div class=\"part-title-button\">p\u00e9dagogique\r\n<a style=\"color: #002b59;\" href=\"https:\/\/learning-teaching.audencia.com\/a-propos-du-portail-pedagogique\/\">Plus d\u2019infos par ici<\/a><\/div>\r\n<div class=\"part-picto-svg\"><img decoding=\"async\" class=\"aligncenter\" src=\"\/themes\/enfold\/images\/teams-logo.svg\" \/><\/div>\r\n<\/div>\r\n[\/av_textblock]\r\n\r\n[\/av_one_fourth][av_one_fourth min_height='' vertical_alignment='av-align-top' space='' row_boxshadow_color='' row_boxshadow_width='10' margin='0px' margin_sync='true' mobile_breaking='' border='' border_color='' radius='0px' radius_sync='true' padding='0px' padding_sync='true' column_boxshadow_color='' column_boxshadow_width='10' background='bg_color' background_color='' background_gradient_color1='' background_gradient_color2='' background_gradient_direction='vertical' src='' attachment='' attachment_size='' background_position='top left' background_repeat='no-repeat' highlight_size='1.1' animation='left-to-right' link='' linktarget='' link_hover='' title_attr='' alt_attr='' mobile_display='' id='' custom_class='' template_class='' aria_label='' av_uid='av-qyffr' sc_version='1.0']\r\n\r\n[av_textblock size='' av-medium-font-size='' av-small-font-size='' av-mini-font-size='' font_color='' color='' id='' custom_class='' template_class='' av_uid='av-m7hvz' sc_version='1.0' admin_preview_bg='']\r\n<div class=\"container-home-action-bottom\" style=\"text-align: center;\">\r\n<div class=\"part-title-button\">Besoin d'\u00e9changer avec<\/div>\r\n<div class=\"part-title-button\">notre \u00e9quipe ?\r\n<a style=\"color: #002b59;\" href=\"mailto:pedagogy@audencia.com\">Contactez-nous par mail<\/a><\/div>\r\n<div class=\"part-picto-svg\"><img decoding=\"async\" class=\"aligncenter\" src=\"\/themes\/enfold\/images\/lqd.svg\" \/><\/div>\r\n<\/div>\r\n[\/av_textblock]\r\n\r\n[\/av_one_fourth][av_one_fourth min_height='' vertical_alignment='av-align-top' space='' row_boxshadow_color='' row_boxshadow_width='10' margin='0px' margin_sync='true' mobile_breaking='' border='' border_color='' radius='0px' radius_sync='true' padding='0px' padding_sync='true' column_boxshadow_color='' column_boxshadow_width='10' background='bg_color' background_color='' background_gradient_color1='' background_gradient_color2='' background_gradient_direction='vertical' src='' attachment='' attachment_size='' background_position='top left' background_repeat='no-repeat' highlight_size='1.1' animation='left-to-right' link='' linktarget='' link_hover='' title_attr='' alt_attr='' mobile_display='' id='' custom_class='' template_class='' aria_label='' av_uid='av-d4sbb' sc_version='1.0']\r\n\r\n[av_textblock size='' av-medium-font-size='' av-small-font-size='' av-mini-font-size='' font_color='' color='' id='' custom_class='' template_class='' av_uid='av-m4jw3ok2' sc_version='1.0' admin_preview_bg='']\r\n<div class=\"container-home-action-bottom\" style=\"text-align: center;\">\r\n<div class=\"part-title-button\">Besoin d\u2019ing\u00e9nierie p\u00e9dagogique<\/div>\r\n<div class=\"part-title-button\">sur un projet ?\r\n<a style=\"color: #002b59;\" href=\"https:\/\/learning-teaching.audencia.com\/besoin-dingenieurie-pedagogique\">Remplissez le formulaire ci-joint<\/a><\/div>\r\n<div class=\"part-picto-svg\"><img loading=\"lazy\" decoding=\"async\" class=\"aligncenter\" src=\"\/themes\/enfold\/images\/besoin-pedagogique.svg\" width=\"59\" height=\"56\" \/><\/div>\r\n<\/div>\r\n[\/av_textblock]\r\n\r\n[\/av_one_fourth][av_one_fourth min_height='' vertical_alignment='av-align-top' space='' row_boxshadow_color='' row_boxshadow_width='10' margin='0px' margin_sync='true' mobile_breaking='' border='' border_color='' radius='0px' radius_sync='true' padding='0px' padding_sync='true' column_boxshadow_color='' column_boxshadow_width='10' background='bg_color' background_color='' background_gradient_color1='' background_gradient_color2='' background_gradient_direction='vertical' src='' attachment='' attachment_size='' background_position='top left' background_repeat='no-repeat' highlight_size='1.1' animation='left-to-right' link='' linktarget='' link_hover='' title_attr='' alt_attr='' mobile_display='' id='' custom_class='' template_class='' aria_label='' av_uid='av-93c7b' sc_version='1.0']\r\n\r\n[av_textblock size='' av-medium-font-size='' av-small-font-size='' av-mini-font-size='' font_color='' color='' id='' custom_class='' template_class='' av_uid='av-m4jw3x5p' sc_version='1.0' admin_preview_bg='']\r\n<div class=\"container-home-action-bottom\" style=\"text-align: center;\">\r\n<div class=\"part-title-button\">Le LQD et le Knowledge Hub<\/div>\r\n<div class=\"part-title-button\">veillent pour vous !\r\n<a style=\"color: #002b59;\" href=\"https:\/\/learning-teaching.audencia.com\/newsletters\">Retrouvez toutes les newsletters<\/a><\/div>\r\n<div class=\"part-picto-svg\"><img loading=\"lazy\" decoding=\"async\" class=\"aligncenter\" src=\"\/themes\/enfold\/images\/picto-a-propos.svg\" width=\"36\" height=\"36\" \/><\/div>\r\n<\/div>\r\n[\/av_textblock]\r\n\r\n[\/av_one_fourth][\/av_section]\n","protected":false},"excerpt":{"rendered":"<p><span class=\"span-reading-time rt-reading-time\" style=\"display: block;\"><span class=\"rt-label rt-prefix\">Reading time <\/span> <span class=\"rt-time\"> 4<\/span> <span class=\"rt-label rt-postfix\">min<\/span><\/span>AUDENCIA organise deux journ\u00e9es immersives sur la gestion de crise <\/p>","protected":false},"author":2,"featured_media":0,"comment_status":"closed","ping_status":"closed","sticky":false,"template":"","format":"standard","meta":{"footnotes":""},"categories":[4,17],"tags":[42,38],"class_list":["post-6647","post","type-post","status-publish","format-standard","hentry","category-animer-et-evaluer-les-etudiants","category-evenements-inspirants","tag-pluridisciplinarite","tag-strategies-apprentissage"],"yoast_head":"<!-- This site is optimized with the Yoast SEO plugin v27.5 - https:\/\/yoast.com\/product\/yoast-seo-wordpress\/ -->\n<title>Les journ\u00e9es immersives GAIA - 16 &amp;17 mars 2026 - Audencia Learning &amp; Teaching Hub<\/title>\n<meta name=\"description\" content=\"Comment se pr\u00e9parer \u00e0 une crise? C&#039;est l&#039;exp\u00e9rience v\u00e9cue par les \u00e9tudiants du MS APTE\" \/>\n<meta name=\"robots\" content=\"noindex, follow, max-snippet:-1, max-image-preview:large, max-video-preview:-1\" \/>\n<meta property=\"og:locale\" content=\"en_GB\" \/>\n<meta property=\"og:type\" content=\"article\" \/>\n<meta property=\"og:title\" content=\"Les journ\u00e9es immersives GAIA - 16 &amp;17 mars 2026 - Audencia Learning &amp; Teaching Hub\" \/>\n<meta property=\"og:description\" content=\"Comment se pr\u00e9parer \u00e0 une crise? C&#039;est l&#039;exp\u00e9rience v\u00e9cue par les \u00e9tudiants du MS APTE\" \/>\n<meta property=\"og:url\" content=\"https:\/\/learning-teaching.audencia.com\/en\/animer-et-evaluer-les-etudiants\/les-journees-immersives-gaia-16-17-mars-2026\/\" \/>\n<meta property=\"og:site_name\" content=\"Audencia Learning &amp; Teaching Hub\" \/>\n<meta property=\"article:published_time\" content=\"2026-04-07T09:38:24+00:00\" \/>\n<meta property=\"article:modified_time\" content=\"2026-04-13T15:32:06+00:00\" \/>\n<meta property=\"og:image\" content=\"https:\/\/learning-teaching.audencia.com\/wp-content\/uploads\/2026\/04\/Capture-decran-2026-04-07-103303-300x159.png\" \/>\n<meta name=\"author\" content=\"adminaudencia\" \/>\n<meta name=\"twitter:card\" content=\"summary_large_image\" \/>\n<meta name=\"twitter:label1\" content=\"Written by\" \/>\n\t<meta name=\"twitter:data1\" content=\"adminaudencia\" \/>\n\t<meta name=\"twitter:label2\" content=\"Estimated reading time\" \/>\n\t<meta name=\"twitter:data2\" content=\"6 minutes\" \/>\n<script type=\"application\/ld+json\" class=\"yoast-schema-graph\">{\"@context\":\"https:\\\/\\\/schema.org\",\"@graph\":[{\"@type\":\"Article\",\"@id\":\"https:\\\/\\\/learning-teaching.audencia.com\\\/animer-et-evaluer-les-etudiants\\\/les-journees-immersives-gaia-16-17-mars-2026\\\/#article\",\"isPartOf\":{\"@id\":\"https:\\\/\\\/learning-teaching.audencia.com\\\/animer-et-evaluer-les-etudiants\\\/les-journees-immersives-gaia-16-17-mars-2026\\\/\"},\"author\":{\"name\":\"adminaudencia\",\"@id\":\"https:\\\/\\\/learning-teaching.audencia.com\\\/#\\\/schema\\\/person\\\/8778b29e1892d7b34be5754380d88650\"},\"headline\":\"Les journ\u00e9es immersives GAIA &#8211; 16 &#038;17 mars 2026\",\"datePublished\":\"2026-04-07T09:38:24+00:00\",\"dateModified\":\"2026-04-13T15:32:06+00:00\",\"mainEntityOfPage\":{\"@id\":\"https:\\\/\\\/learning-teaching.audencia.com\\\/animer-et-evaluer-les-etudiants\\\/les-journees-immersives-gaia-16-17-mars-2026\\\/\"},\"wordCount\":1548,\"publisher\":{\"@id\":\"https:\\\/\\\/learning-teaching.audencia.com\\\/#organization\"},\"image\":{\"@id\":\"https:\\\/\\\/learning-teaching.audencia.com\\\/animer-et-evaluer-les-etudiants\\\/les-journees-immersives-gaia-16-17-mars-2026\\\/#primaryimage\"},\"thumbnailUrl\":\"https:\\\/\\\/learning-teaching.audencia.com\\\/wp-content\\\/uploads\\\/2026\\\/04\\\/Capture-decran-2026-04-07-103303-300x159.png\",\"keywords\":[\"pluridisciplinarit\u00e9\",\"strat\u00e9gies apprentissage\"],\"articleSection\":[\"ANIMER ET \u00c9VALUER LES ETUDIANTS\",\"Ev\u00e8nements inspirants\"],\"inLanguage\":\"en-GB\"},{\"@type\":\"WebPage\",\"@id\":\"https:\\\/\\\/learning-teaching.audencia.com\\\/animer-et-evaluer-les-etudiants\\\/les-journees-immersives-gaia-16-17-mars-2026\\\/\",\"url\":\"https:\\\/\\\/learning-teaching.audencia.com\\\/animer-et-evaluer-les-etudiants\\\/les-journees-immersives-gaia-16-17-mars-2026\\\/\",\"name\":\"Les journ\u00e9es immersives GAIA - 16 &17 mars 2026 - Audencia Learning &amp; Teaching Hub\",\"isPartOf\":{\"@id\":\"https:\\\/\\\/learning-teaching.audencia.com\\\/#website\"},\"primaryImageOfPage\":{\"@id\":\"https:\\\/\\\/learning-teaching.audencia.com\\\/animer-et-evaluer-les-etudiants\\\/les-journees-immersives-gaia-16-17-mars-2026\\\/#primaryimage\"},\"image\":{\"@id\":\"https:\\\/\\\/learning-teaching.audencia.com\\\/animer-et-evaluer-les-etudiants\\\/les-journees-immersives-gaia-16-17-mars-2026\\\/#primaryimage\"},\"thumbnailUrl\":\"https:\\\/\\\/learning-teaching.audencia.com\\\/wp-content\\\/uploads\\\/2026\\\/04\\\/Capture-decran-2026-04-07-103303-300x159.png\",\"datePublished\":\"2026-04-07T09:38:24+00:00\",\"dateModified\":\"2026-04-13T15:32:06+00:00\",\"description\":\"Comment se pr\u00e9parer \u00e0 une crise? C'est l'exp\u00e9rience v\u00e9cue par les \u00e9tudiants du MS APTE\",\"breadcrumb\":{\"@id\":\"https:\\\/\\\/learning-teaching.audencia.com\\\/animer-et-evaluer-les-etudiants\\\/les-journees-immersives-gaia-16-17-mars-2026\\\/#breadcrumb\"},\"inLanguage\":\"en-GB\",\"potentialAction\":[{\"@type\":\"ReadAction\",\"target\":[\"https:\\\/\\\/learning-teaching.audencia.com\\\/animer-et-evaluer-les-etudiants\\\/les-journees-immersives-gaia-16-17-mars-2026\\\/\"]}]},{\"@type\":\"ImageObject\",\"inLanguage\":\"en-GB\",\"@id\":\"https:\\\/\\\/learning-teaching.audencia.com\\\/animer-et-evaluer-les-etudiants\\\/les-journees-immersives-gaia-16-17-mars-2026\\\/#primaryimage\",\"url\":\"https:\\\/\\\/learning-teaching.audencia.com\\\/wp-content\\\/uploads\\\/2026\\\/04\\\/Capture-decran-2026-04-07-103303-300x159.png\",\"contentUrl\":\"https:\\\/\\\/learning-teaching.audencia.com\\\/wp-content\\\/uploads\\\/2026\\\/04\\\/Capture-decran-2026-04-07-103303-300x159.png\"},{\"@type\":\"BreadcrumbList\",\"@id\":\"https:\\\/\\\/learning-teaching.audencia.com\\\/animer-et-evaluer-les-etudiants\\\/les-journees-immersives-gaia-16-17-mars-2026\\\/#breadcrumb\",\"itemListElement\":[{\"@type\":\"ListItem\",\"position\":1,\"name\":\"Accueil\",\"item\":\"https:\\\/\\\/learning-teaching.audencia.com\\\/\"},{\"@type\":\"ListItem\",\"position\":2,\"name\":\"ANIMER ET \u00c9VALUER LES ETUDIANTS\",\"item\":\"https:\\\/\\\/learning-teaching.audencia.com\\\/category\\\/animer-et-evaluer-les-etudiants\\\/\"},{\"@type\":\"ListItem\",\"position\":3,\"name\":\"Les journ\u00e9es immersives GAIA &#8211; 16 &#038;17 mars 2026\"}]},{\"@type\":\"WebSite\",\"@id\":\"https:\\\/\\\/learning-teaching.audencia.com\\\/#website\",\"url\":\"https:\\\/\\\/learning-teaching.audencia.com\\\/\",\"name\":\"Audencia Learning & Teaching Hub\",\"description\":\"\",\"publisher\":{\"@id\":\"https:\\\/\\\/learning-teaching.audencia.com\\\/#organization\"},\"potentialAction\":[{\"@type\":\"SearchAction\",\"target\":{\"@type\":\"EntryPoint\",\"urlTemplate\":\"https:\\\/\\\/learning-teaching.audencia.com\\\/?s={search_term_string}\"},\"query-input\":{\"@type\":\"PropertyValueSpecification\",\"valueRequired\":true,\"valueName\":\"search_term_string\"}}],\"inLanguage\":\"en-GB\"},{\"@type\":\"Organization\",\"@id\":\"https:\\\/\\\/learning-teaching.audencia.com\\\/#organization\",\"name\":\"Audencia Learning & Teaching Hub\",\"url\":\"https:\\\/\\\/learning-teaching.audencia.com\\\/\",\"logo\":{\"@type\":\"ImageObject\",\"inLanguage\":\"en-GB\",\"@id\":\"https:\\\/\\\/learning-teaching.audencia.com\\\/#\\\/schema\\\/logo\\\/image\\\/\",\"url\":\"https:\\\/\\\/learning-teaching.audencia.com\\\/wp-content\\\/uploads\\\/2023\\\/02\\\/cropped-LearningTeachingHUB_2-07.png\",\"contentUrl\":\"https:\\\/\\\/learning-teaching.audencia.com\\\/wp-content\\\/uploads\\\/2023\\\/02\\\/cropped-LearningTeachingHUB_2-07.png\",\"width\":512,\"height\":512,\"caption\":\"Audencia Learning & Teaching Hub\"},\"image\":{\"@id\":\"https:\\\/\\\/learning-teaching.audencia.com\\\/#\\\/schema\\\/logo\\\/image\\\/\"}},{\"@type\":\"Person\",\"@id\":\"https:\\\/\\\/learning-teaching.audencia.com\\\/#\\\/schema\\\/person\\\/8778b29e1892d7b34be5754380d88650\",\"name\":\"adminaudencia\",\"image\":{\"@type\":\"ImageObject\",\"inLanguage\":\"en-GB\",\"@id\":\"https:\\\/\\\/secure.gravatar.com\\\/avatar\\\/9956d6a8168de87560ad6918838818f2c3a1995f2575285da6609a748322863c?s=96&d=mm&r=g\",\"url\":\"https:\\\/\\\/secure.gravatar.com\\\/avatar\\\/9956d6a8168de87560ad6918838818f2c3a1995f2575285da6609a748322863c?s=96&d=mm&r=g\",\"contentUrl\":\"https:\\\/\\\/secure.gravatar.com\\\/avatar\\\/9956d6a8168de87560ad6918838818f2c3a1995f2575285da6609a748322863c?s=96&d=mm&r=g\",\"caption\":\"adminaudencia\"},\"url\":\"https:\\\/\\\/learning-teaching.audencia.com\\\/en\\\/author\\\/adminaudencia\\\/\"}]}<\/script>\n<!-- \/ Yoast SEO plugin. -->","yoast_head_json":{"title":"Les journ\u00e9es immersives GAIA - 16 &17 mars 2026 - Audencia Learning &amp; Teaching Hub","description":"Comment se pr\u00e9parer \u00e0 une crise? C'est l'exp\u00e9rience v\u00e9cue par les \u00e9tudiants du MS APTE","robots":{"index":"noindex","follow":"follow","max-snippet":"max-snippet:-1","max-image-preview":"max-image-preview:large","max-video-preview":"max-video-preview:-1"},"og_locale":"en_GB","og_type":"article","og_title":"Les journ\u00e9es immersives GAIA - 16 &17 mars 2026 - Audencia Learning &amp; Teaching Hub","og_description":"Comment se pr\u00e9parer \u00e0 une crise? C'est l'exp\u00e9rience v\u00e9cue par les \u00e9tudiants du MS APTE","og_url":"https:\/\/learning-teaching.audencia.com\/en\/animer-et-evaluer-les-etudiants\/les-journees-immersives-gaia-16-17-mars-2026\/","og_site_name":"Audencia Learning &amp; Teaching Hub","article_published_time":"2026-04-07T09:38:24+00:00","article_modified_time":"2026-04-13T15:32:06+00:00","og_image":[{"url":"https:\/\/learning-teaching.audencia.com\/wp-content\/uploads\/2026\/04\/Capture-decran-2026-04-07-103303-300x159.png","type":"","width":"","height":""}],"author":"adminaudencia","twitter_card":"summary_large_image","twitter_misc":{"Written by":"adminaudencia","Estimated reading time":"6 minutes"},"schema":{"@context":"https:\/\/schema.org","@graph":[{"@type":"Article","@id":"https:\/\/learning-teaching.audencia.com\/animer-et-evaluer-les-etudiants\/les-journees-immersives-gaia-16-17-mars-2026\/#article","isPartOf":{"@id":"https:\/\/learning-teaching.audencia.com\/animer-et-evaluer-les-etudiants\/les-journees-immersives-gaia-16-17-mars-2026\/"},"author":{"name":"adminaudencia","@id":"https:\/\/learning-teaching.audencia.com\/#\/schema\/person\/8778b29e1892d7b34be5754380d88650"},"headline":"Les journ\u00e9es immersives GAIA &#8211; 16 &#038;17 mars 2026","datePublished":"2026-04-07T09:38:24+00:00","dateModified":"2026-04-13T15:32:06+00:00","mainEntityOfPage":{"@id":"https:\/\/learning-teaching.audencia.com\/animer-et-evaluer-les-etudiants\/les-journees-immersives-gaia-16-17-mars-2026\/"},"wordCount":1548,"publisher":{"@id":"https:\/\/learning-teaching.audencia.com\/#organization"},"image":{"@id":"https:\/\/learning-teaching.audencia.com\/animer-et-evaluer-les-etudiants\/les-journees-immersives-gaia-16-17-mars-2026\/#primaryimage"},"thumbnailUrl":"https:\/\/learning-teaching.audencia.com\/wp-content\/uploads\/2026\/04\/Capture-decran-2026-04-07-103303-300x159.png","keywords":["pluridisciplinarit\u00e9","strat\u00e9gies apprentissage"],"articleSection":["ANIMER ET \u00c9VALUER LES ETUDIANTS","Ev\u00e8nements inspirants"],"inLanguage":"en-GB"},{"@type":"WebPage","@id":"https:\/\/learning-teaching.audencia.com\/animer-et-evaluer-les-etudiants\/les-journees-immersives-gaia-16-17-mars-2026\/","url":"https:\/\/learning-teaching.audencia.com\/animer-et-evaluer-les-etudiants\/les-journees-immersives-gaia-16-17-mars-2026\/","name":"Les journ\u00e9es immersives GAIA - 16 &17 mars 2026 - Audencia Learning &amp; Teaching Hub","isPartOf":{"@id":"https:\/\/learning-teaching.audencia.com\/#website"},"primaryImageOfPage":{"@id":"https:\/\/learning-teaching.audencia.com\/animer-et-evaluer-les-etudiants\/les-journees-immersives-gaia-16-17-mars-2026\/#primaryimage"},"image":{"@id":"https:\/\/learning-teaching.audencia.com\/animer-et-evaluer-les-etudiants\/les-journees-immersives-gaia-16-17-mars-2026\/#primaryimage"},"thumbnailUrl":"https:\/\/learning-teaching.audencia.com\/wp-content\/uploads\/2026\/04\/Capture-decran-2026-04-07-103303-300x159.png","datePublished":"2026-04-07T09:38:24+00:00","dateModified":"2026-04-13T15:32:06+00:00","description":"Comment se pr\u00e9parer \u00e0 une crise? C'est l'exp\u00e9rience v\u00e9cue par les \u00e9tudiants du MS APTE","breadcrumb":{"@id":"https:\/\/learning-teaching.audencia.com\/animer-et-evaluer-les-etudiants\/les-journees-immersives-gaia-16-17-mars-2026\/#breadcrumb"},"inLanguage":"en-GB","potentialAction":[{"@type":"ReadAction","target":["https:\/\/learning-teaching.audencia.com\/animer-et-evaluer-les-etudiants\/les-journees-immersives-gaia-16-17-mars-2026\/"]}]},{"@type":"ImageObject","inLanguage":"en-GB","@id":"https:\/\/learning-teaching.audencia.com\/animer-et-evaluer-les-etudiants\/les-journees-immersives-gaia-16-17-mars-2026\/#primaryimage","url":"https:\/\/learning-teaching.audencia.com\/wp-content\/uploads\/2026\/04\/Capture-decran-2026-04-07-103303-300x159.png","contentUrl":"https:\/\/learning-teaching.audencia.com\/wp-content\/uploads\/2026\/04\/Capture-decran-2026-04-07-103303-300x159.png"},{"@type":"BreadcrumbList","@id":"https:\/\/learning-teaching.audencia.com\/animer-et-evaluer-les-etudiants\/les-journees-immersives-gaia-16-17-mars-2026\/#breadcrumb","itemListElement":[{"@type":"ListItem","position":1,"name":"Accueil","item":"https:\/\/learning-teaching.audencia.com\/"},{"@type":"ListItem","position":2,"name":"ANIMER ET \u00c9VALUER LES ETUDIANTS","item":"https:\/\/learning-teaching.audencia.com\/category\/animer-et-evaluer-les-etudiants\/"},{"@type":"ListItem","position":3,"name":"Les journ\u00e9es immersives GAIA &#8211; 16 &#038;17 mars 2026"}]},{"@type":"WebSite","@id":"https:\/\/learning-teaching.audencia.com\/#website","url":"https:\/\/learning-teaching.audencia.com\/","name":"Audencia Learning & Teaching Hub","description":"","publisher":{"@id":"https:\/\/learning-teaching.audencia.com\/#organization"},"potentialAction":[{"@type":"SearchAction","target":{"@type":"EntryPoint","urlTemplate":"https:\/\/learning-teaching.audencia.com\/?s={search_term_string}"},"query-input":{"@type":"PropertyValueSpecification","valueRequired":true,"valueName":"search_term_string"}}],"inLanguage":"en-GB"},{"@type":"Organization","@id":"https:\/\/learning-teaching.audencia.com\/#organization","name":"Audencia Learning & Teaching Hub","url":"https:\/\/learning-teaching.audencia.com\/","logo":{"@type":"ImageObject","inLanguage":"en-GB","@id":"https:\/\/learning-teaching.audencia.com\/#\/schema\/logo\/image\/","url":"https:\/\/learning-teaching.audencia.com\/wp-content\/uploads\/2023\/02\/cropped-LearningTeachingHUB_2-07.png","contentUrl":"https:\/\/learning-teaching.audencia.com\/wp-content\/uploads\/2023\/02\/cropped-LearningTeachingHUB_2-07.png","width":512,"height":512,"caption":"Audencia Learning & Teaching Hub"},"image":{"@id":"https:\/\/learning-teaching.audencia.com\/#\/schema\/logo\/image\/"}},{"@type":"Person","@id":"https:\/\/learning-teaching.audencia.com\/#\/schema\/person\/8778b29e1892d7b34be5754380d88650","name":"adminaudencia","image":{"@type":"ImageObject","inLanguage":"en-GB","@id":"https:\/\/secure.gravatar.com\/avatar\/9956d6a8168de87560ad6918838818f2c3a1995f2575285da6609a748322863c?s=96&d=mm&r=g","url":"https:\/\/secure.gravatar.com\/avatar\/9956d6a8168de87560ad6918838818f2c3a1995f2575285da6609a748322863c?s=96&d=mm&r=g","contentUrl":"https:\/\/secure.gravatar.com\/avatar\/9956d6a8168de87560ad6918838818f2c3a1995f2575285da6609a748322863c?s=96&d=mm&r=g","caption":"adminaudencia"},"url":"https:\/\/learning-teaching.audencia.com\/en\/author\/adminaudencia\/"}]}},"_links":{"self":[{"href":"https:\/\/learning-teaching.audencia.com\/en\/wp-json\/wp\/v2\/posts\/6647","targetHints":{"allow":["GET"]}}],"collection":[{"href":"https:\/\/learning-teaching.audencia.com\/en\/wp-json\/wp\/v2\/posts"}],"about":[{"href":"https:\/\/learning-teaching.audencia.com\/en\/wp-json\/wp\/v2\/types\/post"}],"author":[{"embeddable":true,"href":"https:\/\/learning-teaching.audencia.com\/en\/wp-json\/wp\/v2\/users\/2"}],"replies":[{"embeddable":true,"href":"https:\/\/learning-teaching.audencia.com\/en\/wp-json\/wp\/v2\/comments?post=6647"}],"version-history":[{"count":8,"href":"https:\/\/learning-teaching.audencia.com\/en\/wp-json\/wp\/v2\/posts\/6647\/revisions"}],"predecessor-version":[{"id":6664,"href":"https:\/\/learning-teaching.audencia.com\/en\/wp-json\/wp\/v2\/posts\/6647\/revisions\/6664"}],"wp:attachment":[{"href":"https:\/\/learning-teaching.audencia.com\/en\/wp-json\/wp\/v2\/media?parent=6647"}],"wp:term":[{"taxonomy":"category","embeddable":true,"href":"https:\/\/learning-teaching.audencia.com\/en\/wp-json\/wp\/v2\/categories?post=6647"},{"taxonomy":"post_tag","embeddable":true,"href":"https:\/\/learning-teaching.audencia.com\/en\/wp-json\/wp\/v2\/tags?post=6647"}],"curies":[{"name":"wp","href":"https:\/\/api.w.org\/{rel}","templated":true}]}}